{"id":9210,"date":"2025-11-26T11:41:36","date_gmt":"2025-11-26T14:41:36","guid":{"rendered":"https:\/\/visitepaulolopes.com.br\/?p=9210"},"modified":"2025-11-26T11:43:05","modified_gmt":"2025-11-26T14:43:05","slug":"observacao-de-baleias-em-paulo-lopes-uma-experiencia-inesquecivel-na-praia-da-guarda-do-embau","status":"publish","type":"post","link":"https:\/\/visitepaulolopes.com.br\/es\/observacao-de-baleias-em-paulo-lopes-uma-experiencia-inesquecivel-na-praia-da-guarda-do-embau\/","title":{"rendered":"Avistamiento de ballenas en Paulo Lopes: una experiencia inolvidable en la playa de Guarda do Emba\u00fa.\u00a0"},"content":{"rendered":"<h2 class=\"wp-block-heading\"><strong>Introducci\u00f3n<\/strong>&nbsp;<\/h2>\n\n\n\n<p>Entre julio y noviembre, la costa sur de Santa Catarina se transforma en escenario de uno de los fen\u00f3menos m\u00e1s emocionantes de la naturaleza: la llegada de las ballenas francas australes. Estas gigantescas ballenas, que pueden alcanzar hasta 16 metros de longitud, migran desde la Ant\u00e1rtida en busca de aguas m\u00e1s c\u00e1lidas y tranquilas para aparearse, dar a luz y amamantar a sus cr\u00edas. Y Paulo Lopes es uno de los destinos privilegiados para vivir este momento.&nbsp;<\/p>\n\n\n\n<p>A\u00a0<strong><a href=\"https:\/\/visitepaulolopes.com.br\/es\/o-que-ver\/praia-da-guarda-do-embau\/\" target=\"_blank\" data-type=\"link\" data-id=\"https:\/\/visitepaulolopes.com.br\/o-que-ver\/praia-da-guarda-do-embau\/\" rel=\"noreferrer noopener\">Playa de Guarda do Emba\u00fa<\/a><\/strong>, ubicado entre los municipios de\u00a0<strong>Paulo Lopes y Palho\u00e7a<\/strong>, Este es uno de los mejores lugares para observar ballenas desde tierra. Es desde esta regi\u00f3n, especialmente en la parte perteneciente a Paulo Lopes, donde muchos visitantes tienen la oportunidad de avistar ballenas madres y cr\u00edas nadando cerca de las olas, saltando o exhibiendo sus impresionantes colas sobre las aguas azules de la costa de Santa Catarina.\u00a0<\/p>\n\n\n\n<div style=\"height:40px\" aria-hidden=\"true\" class=\"wp-block-spacer\"><\/div>\n\n\n\n<h2 class=\"wp-block-heading\"><strong>Un espect\u00e1culo que abarca municipios.<\/strong>&nbsp;<\/h2>\n\n\n\n<p>La temporada de ballena franca austral atrae visitantes a diversos destinos de la regi\u00f3n. Los municipios de&nbsp;<strong>Garopaba, Imbituba y Laguna<\/strong>&nbsp;Forman la tradicional Ruta de la Ballena Franca Austral, considerada la zona con mayor concentraci\u00f3n de avistamientos de ballenas en Brasil. Senderos costeros, miradores naturales y costas rocosas elevadas facilitan el avistamiento de estos gigantes.&nbsp;<\/p>\n\n\n\n<p>Sin embargo, el espect\u00e1culo no se limita a la Ruta, a la que se espera que Paulo Lopes se una oficialmente en 2026. En los \u00faltimos a\u00f1os, los avistamientos tambi\u00e9n han sido frecuentes en otras playas del litoral catarinense, como:&nbsp;<\/p>\n\n\n\n<ul class=\"wp-block-list\">\n<li><strong>Paulo L\u00f3pez<\/strong>\u00a0\u2014 especialmente en Guarda do Emba\u00fa (lado sur, cerca\u00a0<a href=\"https:\/\/visitepaulolopes.com.br\/es\/o-que-ver\/pedra-do-faisca\/\" target=\"_blank\" data-type=\"link\" data-id=\"https:\/\/visitepaulolopes.com.br\/o-que-ver\/pedra-do-faisca\/\" rel=\"noreferrer noopener\">Piedra de chispa<\/a>)\u00a0<\/li>\n\n\n\n<li><strong>caba\u00f1a<\/strong>\u00a0\u2014 en Guarda do Emba\u00fa y la regi\u00f3n de Pinheira\u00a0<\/li>\n\n\n\n<li><strong>Florian\u00f3polis<\/strong>\u00a0\u2014 en playas como Arma\u00e7\u00e3o, P\u00e2ntano do Sul, Mo\u00e7ambique y Lagoinha do Leste\u00a0<\/li>\n<\/ul>\n\n\n\n<p>Esto significa que quienes visitan la regi\u00f3n entre el invierno y la primavera aumentan enormemente sus posibilidades de experimentar la emoci\u00f3n de ver de cerca una ballena franca austral.\u00a0<\/p>\n\n\n\n<div style=\"height:40px\" aria-hidden=\"true\" class=\"wp-block-spacer\"><\/div>\n\n\n\n<h2 class=\"wp-block-heading\"><strong>Guarda do Emba\u00fa: un refugio natural entre Paulo Lopes y Palho\u00e7a<\/strong>&nbsp;<\/h2>\n\n\n\n<p>Guarda do Emba\u00fa es una de las playas m\u00e1s impresionantes de Santa Catarina, reconocida por su combinaci\u00f3n...\u00a0<strong>naturaleza preservada, aguas cristalinas y una fuerte identidad cultural.<\/strong>.Con acceso principal por Palho\u00e7a y ubicada en el municipio de Paulo Lopes, la playa impresiona por el paisaje formado por el encuentro de\u00a0<strong><a href=\"https:\/\/visitepaulolopes.com.br\/es\/o-que-ver\/rio-da-madre\/\" target=\"_blank\" data-type=\"link\" data-id=\"https:\/\/visitepaulolopes.com.br\/o-que-ver\/rio-da-madre\/\" rel=\"noreferrer noopener\">R\u00edo de la Madre<\/a> con el mar<\/strong>, creando un estuario de rara belleza.\u00a0<\/p>\n\n\n\n<div style=\"height:40px\" aria-hidden=\"true\" class=\"wp-block-spacer\"><\/div>\n\n\n\n<figure class=\"wp-block-gallery has-nested-images columns-default is-cropped wp-block-gallery-1 is-layout-flex wp-block-gallery-is-layout-flex\">\n<figure class=\"wp-block-image size-large\"><img fetchpriority=\"high\" decoding=\"async\" width=\"600\" height=\"380\" data-id=\"8952\" src=\"https:\/\/visitepaulolopes.com.br\/wp-content\/uploads\/2025\/11\/Praia-da-Guarda-do-Embau-e-Rio-da-Madre-6-scaled-qj80xozlwxy0fv3g5zre4dvysn9ns4ce4zlphmrsuw.jpg\" alt=\"\" class=\"wp-image-8952\" srcset=\"https:\/\/visitepaulolopes.com.br\/wp-content\/uploads\/2025\/11\/Praia-da-Guarda-do-Embau-e-Rio-da-Madre-6-scaled-qj80xozlwxy0fv3g5zre4dvysn9ns4ce4zlphmrsuw.jpg 600w, https:\/\/visitepaulolopes.com.br\/wp-content\/uploads\/2025\/11\/Praia-da-Guarda-do-Embau-e-Rio-da-Madre-6-scaled-qj80xozlwxy0fv3g5zre4dvysn9ns4ce4zlphmrsuw-300x190.jpg 300w, https:\/\/visitepaulolopes.com.br\/wp-content\/uploads\/2025\/11\/Praia-da-Guarda-do-Embau-e-Rio-da-Madre-6-scaled-qj80xozlwxy0fv3g5zre4dvysn9ns4ce4zlphmrsuw-18x12.jpg 18w\" sizes=\"(max-width: 600px) 100vw, 600px\" \/><figcaption class=\"wp-element-caption\">Guarda do Embau y R\u00edo da Madre<\/figcaption><\/figure>\n<\/figure>\n\n\n\n<div style=\"height:40px\" aria-hidden=\"true\" class=\"wp-block-spacer\"><\/div>\n\n\n\n<p>En el lado izquierdo de la playa, el ambiente animado, especialmente en verano, es una de las caracter\u00edsticas definitorias de la zona.\u00a0\u00a0<\/p>\n\n\n\n<p>La esquina derecha, al lado de <a href=\"https:\/\/visitepaulolopes.com.br\/es\/o-que-ver\/pedra-do-faisca\/\" target=\"_blank\" data-type=\"link\" data-id=\"https:\/\/visitepaulolopes.com.br\/o-que-ver\/pedra-do-faisca\/\" rel=\"noreferrer noopener\">Piedra de chispa<\/a>,Es un territorio vasto y tranquilo, rodeado de vegetaci\u00f3n, que ofrece vistas privilegiadas para el avistamiento de ballenas desde las dunas y las costas rocosas. El ambiente tranquilo y el paisaje virgen hacen que la experiencia sea a\u00fan m\u00e1s especial.\u00a0<\/p>\n\n\n\n<div style=\"height:40px\" aria-hidden=\"true\" class=\"wp-block-spacer\"><\/div>\n\n\n\n<figure class=\"wp-block-gallery has-nested-images columns-default is-cropped wp-block-gallery-2 is-layout-flex wp-block-gallery-is-layout-flex\">\n<figure class=\"wp-block-image size-large\"><img decoding=\"async\" width=\"1024\" height=\"768\" data-id=\"9044\" src=\"https:\/\/visitepaulolopes.com.br\/wp-content\/uploads\/2025\/11\/Pedra-do-Faisca-3-1024x768.jpg\" alt=\"\" class=\"wp-image-9044\" srcset=\"https:\/\/visitepaulolopes.com.br\/wp-content\/uploads\/2025\/11\/Pedra-do-Faisca-3-1024x768.jpg 1024w, https:\/\/visitepaulolopes.com.br\/wp-content\/uploads\/2025\/11\/Pedra-do-Faisca-3-300x225.jpg 300w, https:\/\/visitepaulolopes.com.br\/wp-content\/uploads\/2025\/11\/Pedra-do-Faisca-3-768x576.jpg 768w, https:\/\/visitepaulolopes.com.br\/wp-content\/uploads\/2025\/11\/Pedra-do-Faisca-3-1536x1152.jpg 1536w, https:\/\/visitepaulolopes.com.br\/wp-content\/uploads\/2025\/11\/Pedra-do-Faisca-3-16x12.jpg 16w, https:\/\/visitepaulolopes.com.br\/wp-content\/uploads\/2025\/11\/Pedra-do-Faisca-3.jpg 2048w\" sizes=\"(max-width: 1024px) 100vw, 1024px\" \/><figcaption class=\"wp-element-caption\">Piedra de chispa<\/figcaption><\/figure>\n<\/figure>\n\n\n\n<p>La regi\u00f3n tambi\u00e9n ofrece:&nbsp;<\/p>\n\n\n\n<ul class=\"wp-block-list\">\n<li>Senderos ecol\u00f3gicos con vistas panor\u00e1micas\u00a0<\/li>\n\n\n\n<li>acceso a playas vecinas, como Gamboa y Siri\u00fa (Garopaba)\u00a0<\/li>\n\n\n\n<li>Pueblo pesquero con cultura local preservada\u00a0<\/li>\n\n\n\n<li>Actividades como surf, stand-up paddleboard y paseos al atardecer.\u00a0<\/li>\n<\/ul>\n\n\n\n<p>Todo esto crea un entorno perfecto para quienes buscan naturaleza, cultura y la emoci\u00f3n de la temporada de avistamiento de ballenas, todo en un solo lugar.\u00a0<\/p>\n\n\n\n<div style=\"height:40px\" aria-hidden=\"true\" class=\"wp-block-spacer\"><\/div>\n\n\n\n<h2 class=\"wp-block-heading\"><strong>C\u00f3mo observar ballenas en la regi\u00f3n de Paulo Lopes<\/strong>&nbsp;<\/h2>\n\n\n\n<p>La observaci\u00f3n de ballenas francas australes se realiza\u00a0<strong>exclusivamente por tierra<\/strong>\u00a0Para proteger a los animales y garantizar la seguridad de los visitantes. En Paulo Lopes, el punto m\u00e1s adecuado es <a href=\"https:\/\/visitepaulolopes.com.br\/es\/o-que-ver\/pedra-do-faisca\/\" target=\"_blank\" data-type=\"link\" data-id=\"https:\/\/visitepaulolopes.com.br\/o-que-ver\/pedra-do-faisca\/\" rel=\"noreferrer noopener\">Piedra de chispa<\/a> (lado derecho de la playa), desde donde hay una amplia vista del oc\u00e9ano.\u00a0<\/p>\n\n\n\n<div style=\"height:40px\" aria-hidden=\"true\" class=\"wp-block-spacer\"><\/div>\n\n\n\n<figure class=\"wp-block-gallery has-nested-images columns-default is-cropped wp-block-gallery-3 is-layout-flex wp-block-gallery-is-layout-flex\">\n<figure class=\"wp-block-image size-large\"><img decoding=\"async\" width=\"741\" height=\"540\" data-id=\"9142\" src=\"https:\/\/visitepaulolopes.com.br\/wp-content\/uploads\/2025\/11\/Pedra_do_Faisca.jpg\" alt=\"\" class=\"wp-image-9142\" srcset=\"https:\/\/visitepaulolopes.com.br\/wp-content\/uploads\/2025\/11\/Pedra_do_Faisca.jpg 741w, https:\/\/visitepaulolopes.com.br\/wp-content\/uploads\/2025\/11\/Pedra_do_Faisca-300x219.jpg 300w, https:\/\/visitepaulolopes.com.br\/wp-content\/uploads\/2025\/11\/Pedra_do_Faisca-16x12.jpg 16w\" sizes=\"(max-width: 741px) 100vw, 741px\" \/><\/figure>\n<\/figure>\n\n\n\n<div style=\"height:40px\" aria-hidden=\"true\" class=\"wp-block-spacer\"><\/div>\n\n\n\n<p>La observaci\u00f3n de ballenas francas australes se realiza\u00a0<strong>exclusivamente por tierra<\/strong>\u00a0Para proteger a los animales y garantizar la seguridad de los visitantes. En Paulo Lopes, el punto m\u00e1s adecuado es <a href=\"https:\/\/visitepaulolopes.com.br\/es\/o-que-ver\/pedra-do-faisca\/\" data-type=\"link\" data-id=\"https:\/\/visitepaulolopes.com.br\/o-que-ver\/pedra-do-faisca\/\" target=\"_blank\" rel=\"noreferrer noopener\">Piedra de chispa<\/a> (lado derecho de la playa), desde donde hay una amplia vista del oc\u00e9ano.\u00a0<\/p>\n\n\n\n<p>Para aumentar tus posibilidades de ver a los gigantes:\u00a0<\/p>\n\n\n\n<ul class=\"wp-block-list\">\n<li>Ir por la ma\u00f1ana, cuando el mar est\u00e1 m\u00e1s tranquilo.\u00a0<\/li>\n\n\n\n<li>Busque zonas elevadas con buena visibilidad.\u00a0<\/li>\n\n\n\n<li>traer binoculares\u00a0<\/li>\n\n\n\n<li>Mantener el silencio y respetar el espacio natural.\u00a0<\/li>\n\n\n\n<li>Planifique su d\u00eda para incluir tiempo para caminar y contemplar.\u00a0<\/li>\n<\/ul>\n\n\n\n<p>Para aquellos que desean aumentar sus posibilidades de avistamientos, una herramienta indispensable es el\u00a0<strong>Mapa de avistamiento actualizado de ProFRANCA<\/strong>, <a href=\"http:\/\/baleiafranca.org.br\/avistagens\" data-type=\"link\" data-id=\"baleiafranca.org.br\/avistagens\" target=\"_blank\" rel=\"noreferrer noopener\"><strong>\u00a1HAGA CLIC AQU\u00cd!<\/strong><\/a><\/p>\n\n\n\n<div style=\"height:40px\" aria-hidden=\"true\" class=\"wp-block-spacer\"><\/div>\n\n\n\n<figure class=\"wp-block-gallery has-nested-images columns-default is-cropped wp-block-gallery-4 is-layout-flex wp-block-gallery-is-layout-flex\">\n<figure class=\"wp-block-image size-full\"><img loading=\"lazy\" decoding=\"async\" width=\"1024\" height=\"712\" data-id=\"9212\" src=\"https:\/\/visitepaulolopes.com.br\/wp-content\/uploads\/2025\/11\/image.png\" alt=\"\" class=\"wp-image-9212\" srcset=\"https:\/\/visitepaulolopes.com.br\/wp-content\/uploads\/2025\/11\/image.png 1024w, https:\/\/visitepaulolopes.com.br\/wp-content\/uploads\/2025\/11\/image-300x209.png 300w, https:\/\/visitepaulolopes.com.br\/wp-content\/uploads\/2025\/11\/image-768x534.png 768w, https:\/\/visitepaulolopes.com.br\/wp-content\/uploads\/2025\/11\/image-18x12.png 18w\" sizes=\"(max-width: 1024px) 100vw, 1024px\" \/><\/figure>\n<\/figure>\n\n\n\n<div style=\"height:40px\" aria-hidden=\"true\" class=\"wp-block-spacer\"><\/div>\n\n\n\n<p>El mapa funciona como una aplicaci\u00f3n simplificada y muestra, en tiempo real, los lugares donde se han avistado ballenas en los \u00faltimos d\u00edas. Esto permite a los visitantes planificar su viaje al mirador, la duna o la costa rocosa con informaci\u00f3n actualizada, optimizando su tiempo y aumentando sus posibilidades de avistar a los animales.\u00a0<\/p>\n\n\n\n<p>Cada avistamiento es \u00fanico: puede ser simplemente la espalda emergiendo suavemente a la superficie o incluso un salto espectacular que arranca aplausos de los visitantes.\u00a0<\/p>\n\n\n\n<div style=\"height:40px\" aria-hidden=\"true\" class=\"wp-block-spacer\"><\/div>\n\n\n\n<h2 class=\"wp-block-heading\"><strong>Turismo responsable: un compromiso con la naturaleza<\/strong>&nbsp;<\/h2>\n\n\n\n<p>El avistamiento de ballenas es una experiencia emocionante, pero tambi\u00e9n requiere respeto. Para garantizar la protecci\u00f3n de los animales y la continuidad de este espect\u00e1culo para las generaciones futuras, es importante:&nbsp;<\/p>\n\n\n\n<ul class=\"wp-block-list\">\n<li>mantener una distancia segura\u00a0<\/li>\n\n\n\n<li>Respete los senderos, las \u00e1reas protegidas y las instrucciones de los gu\u00edas y conductores.\u00a0<\/li>\n<\/ul>\n\n\n\n<p>La temporada de ballenas es una oportunidad para una conexi\u00f3n profunda con la vida marina y el equilibrio de la naturaleza que hace que la costa de Santa Catarina sea tan especial.\u00a0<\/p>\n\n\n\n<div style=\"height:40px\" aria-hidden=\"true\" class=\"wp-block-spacer\"><\/div>\n\n\n\n<figure class=\"wp-block-gallery has-nested-images columns-default is-cropped wp-block-gallery-5 is-layout-flex wp-block-gallery-is-layout-flex\">\n<figure class=\"wp-block-image size-large\"><img loading=\"lazy\" decoding=\"async\" width=\"1024\" height=\"576\" data-id=\"9090\" src=\"https:\/\/visitepaulolopes.com.br\/wp-content\/uploads\/2025\/11\/baleia-1024x576.jpeg\" alt=\"\" class=\"wp-image-9090\" srcset=\"https:\/\/visitepaulolopes.com.br\/wp-content\/uploads\/2025\/11\/baleia-1024x576.jpeg 1024w, https:\/\/visitepaulolopes.com.br\/wp-content\/uploads\/2025\/11\/baleia-300x169.jpeg 300w, https:\/\/visitepaulolopes.com.br\/wp-content\/uploads\/2025\/11\/baleia-768x432.jpeg 768w, https:\/\/visitepaulolopes.com.br\/wp-content\/uploads\/2025\/11\/baleia-1536x864.jpeg 1536w, https:\/\/visitepaulolopes.com.br\/wp-content\/uploads\/2025\/11\/baleia-18x10.jpeg 18w, https:\/\/visitepaulolopes.com.br\/wp-content\/uploads\/2025\/11\/baleia.jpeg 1600w\" sizes=\"(max-width: 1024px) 100vw, 1024px\" \/><\/figure>\n<\/figure>\n\n\n\n<div style=\"height:40px\" aria-hidden=\"true\" class=\"wp-block-spacer\"><\/div>\n\n\n\n<h2 class=\"wp-block-heading\"><strong>\u00bfPor qu\u00e9 Paulo Lopes es un gran lugar para observar ballenas?<\/strong>&nbsp;<\/h2>\n\n\n\n<ul class=\"wp-block-list\">\n<li>Se encuentra exactamente en el eje de las \u00e1reas de movimiento de la ballena franca austral.\u00a0<\/li>\n\n\n\n<li>Tiene costas rocosas y dunas con excelente visibilidad.\u00a0<\/li>\n\n\n\n<li>Cuenta con zonas menos concurridas, ideales para la observaci\u00f3n tranquila.\u00a0<\/li>\n\n\n\n<li>Se encuentra pr\u00f3ximo a los principales puntos de la Ruta de la Ballena Franca Austral.\u00a0<\/li>\n\n\n\n<li>Ofrece experiencias complementarias en senderismo, naturaleza y turismo rural.\u00a0<\/li>\n\n\n\n<li>Es una alternativa m\u00e1s tranquila para quienes quieren huir de las playas masificadas.\u00a0<\/li>\n<\/ul>\n\n\n\n<p>De esta forma, el municipio se destaca como un destino complementario y de valor durante la temporada de gigantes.\u00a0<\/p>\n\n\n\n<div style=\"height:40px\" aria-hidden=\"true\" class=\"wp-block-spacer\"><\/div>\n\n\n\n<figure class=\"wp-block-gallery has-nested-images columns-default is-cropped wp-block-gallery-6 is-layout-flex wp-block-gallery-is-layout-flex\">\n<figure class=\"wp-block-image size-large\"><img loading=\"lazy\" decoding=\"async\" width=\"1024\" height=\"576\" data-id=\"9028\" src=\"https:\/\/visitepaulolopes.com.br\/wp-content\/uploads\/2025\/11\/Ponta-do-Faisca-17-1024x576.jpg\" alt=\"\" class=\"wp-image-9028\" srcset=\"https:\/\/visitepaulolopes.com.br\/wp-content\/uploads\/2025\/11\/Ponta-do-Faisca-17-1024x576.jpg 1024w, https:\/\/visitepaulolopes.com.br\/wp-content\/uploads\/2025\/11\/Ponta-do-Faisca-17-300x169.jpg 300w, https:\/\/visitepaulolopes.com.br\/wp-content\/uploads\/2025\/11\/Ponta-do-Faisca-17-768x432.jpg 768w, https:\/\/visitepaulolopes.com.br\/wp-content\/uploads\/2025\/11\/Ponta-do-Faisca-17-1536x864.jpg 1536w, https:\/\/visitepaulolopes.com.br\/wp-content\/uploads\/2025\/11\/Ponta-do-Faisca-17-2048x1152.jpg 2048w, https:\/\/visitepaulolopes.com.br\/wp-content\/uploads\/2025\/11\/Ponta-do-Faisca-17-18x10.jpg 18w\" sizes=\"(max-width: 1024px) 100vw, 1024px\" \/><\/figure>\n<\/figure>\n\n\n\n<div style=\"height:40px\" aria-hidden=\"true\" class=\"wp-block-spacer\"><\/div>\n\n\n\n<h2 class=\"wp-block-heading\"><strong>Conclusi\u00f3n<\/strong>&nbsp;<\/h2>\n\n\n\n<p>Experimentar la temporada de ballenas en Paulo Lopes es contemplar la naturaleza en su m\u00e1xima expresi\u00f3n. Desde Guarda do Emba\u00fa hasta las playas vecinas que conforman este paisaje, cada salida para observar el mar es una nueva oportunidad para maravillarse. Entre la cultura local, los senderos costeros, la naturaleza preservada y la majestuosa presencia de la ballena franca austral, el litoral entre Paulo Lopes, Palho\u00e7a y los municipios a lo largo de la ruta se convierte en una invitaci\u00f3n a relajarse, contemplar y conectar con el oc\u00e9ano.&nbsp;<\/p>\n\n\n\n<p><\/p>","protected":false},"excerpt":{"rendered":"<p>Entre julho e novembro, Paulo Lopes se torna um dos pontos privilegiados para observar a baleia-franca no litoral sul de Santa Catarina, especialmente na Praia da Guarda do Emba\u00fa, compartilhada com o munic\u00edpio de Palho\u00e7a. A regi\u00e3o oferece mirantes naturais, dunas e cost\u00f5es com excelente visibilidade, al\u00e9m da possibilidade de acompanhar avistagens em munic\u00edpios pr\u00f3ximos como Garopaba, Imbituba e Laguna. A observa\u00e7\u00e3o \u00e9 feita exclusivamente por terra e pode ser planejada com o apoio do mapa atualizado de avistagens do ProFRANCA, que indica em tempo real onde as baleias t\u00eam sido vistas. O destino combina natureza preservada, cultura local e experi\u00eancias \u00fanicas, tornando Paulo Lopes um lugar especial para vivenciar a temporada das gigantes do mar.<\/p>","protected":false},"author":5,"featured_media":9029,"comment_status":"closed","ping_status":"closed","sticky":false,"template":"","format":"standard","meta":{"footnotes":""},"categories":[37],"tags":[910,1005,1024,1027,1026,1028,1025,529,1022,1029,912,528,527,535,1023],"class_list":["post-9210","post","type-post","status-publish","format-standard","has-post-thumbnail","hentry","category-dicas","tag-avistagem-de-baleias","tag-baleia-franca-2","tag-baleias-em-santa-catarina","tag-guarda-do-embau","tag-litoral-sul-catarinense","tag-mapa-de-avistagens","tag-natureza-paulo-lopes","tag-observacao-de-baleias","tag-paulo-lopes","tag-praias-de-paulo-lopes","tag-profranca","tag-rota-da-baleia-franca","tag-temporada-das-baleias","tag-turismo-de-natureza","tag-turismo-paulo-lopes"],"_links":{"self":[{"href":"https:\/\/visitepaulolopes.com.br\/es\/wp-json\/wp\/v2\/posts\/9210","targetHints":{"allow":["GET"]}}],"collection":[{"href":"https:\/\/visitepaulolopes.com.br\/es\/wp-json\/wp\/v2\/posts"}],"about":[{"href":"https:\/\/visitepaulolopes.com.br\/es\/wp-json\/wp\/v2\/types\/post"}],"author":[{"embeddable":true,"href":"https:\/\/visitepaulolopes.com.br\/es\/wp-json\/wp\/v2\/users\/5"}],"replies":[{"embeddable":true,"href":"https:\/\/visitepaulolopes.com.br\/es\/wp-json\/wp\/v2\/comments?post=9210"}],"version-history":[{"count":0,"href":"https:\/\/visitepaulolopes.com.br\/es\/wp-json\/wp\/v2\/posts\/9210\/revisions"}],"wp:featuredmedia":[{"embeddable":true,"href":"https:\/\/visitepaulolopes.com.br\/es\/wp-json\/wp\/v2\/media\/9029"}],"wp:attachment":[{"href":"https:\/\/visitepaulolopes.com.br\/es\/wp-json\/wp\/v2\/media?parent=9210"}],"wp:term":[{"taxonomy":"category","embeddable":true,"href":"https:\/\/visitepaulolopes.com.br\/es\/wp-json\/wp\/v2\/categories?post=9210"},{"taxonomy":"post_tag","embeddable":true,"href":"https:\/\/visitepaulolopes.com.br\/es\/wp-json\/wp\/v2\/tags?post=9210"}],"curies":[{"name":"gracias","href":"https:\/\/api.w.org\/{rel}","templated":true}]}}